[{"@context":"https:\/\/schema.org\/","@type":"Article","@id":"https:\/\/www.avisat.cz\/svetlo-je-zapotrebi-pro-zivot\/#Article","mainEntityOfPage":"https:\/\/www.avisat.cz\/svetlo-je-zapotrebi-pro-zivot\/","headline":"Sv\u011btlo je zapot\u0159eb\u00ed pro \u017eivot","name":"Sv\u011btlo je zapot\u0159eb\u00ed pro \u017eivot","description":"Abychom mohli norm\u00e1ln\u011b pracovat a nekazili si o\u010di, tak pot\u0159ebujeme dostatek sv\u011btla. Bohu\u017eel toho p\u0159\u00edrodn\u00edho je n\u011bkdy nedostatek, tak\u017ee nastupuje um\u011bl\u00e9. Sv\u011btlo je zapot\u0159eb\u00ed pro <a href=\"https:\/\/www.avisat.cz\/svetlo-je-zapotrebi-pro-zivot\/\" class=\"read-more\">Continue Reading<i class=\"ion-ios-arrow-right read-more-right\"><\/i><\/a>","datePublished":"2020-11-15","dateModified":"2023-09-01","author":{"@type":"Person","@id":"https:\/\/www.avisat.cz\/author\/#Person","name":"","url":"https:\/\/www.avisat.cz\/author\/","identifier":1,"image":{"@type":"ImageObject","@id":"https:\/\/secure.gravatar.com\/avatar\/25a824e14ead2d36aba24b918221841350fb41cea98048e9b1929df8c4bf4bd8?s=96&d=mm&r=g","url":"https:\/\/secure.gravatar.com\/avatar\/25a824e14ead2d36aba24b918221841350fb41cea98048e9b1929df8c4bf4bd8?s=96&d=mm&r=g","height":96,"width":96}},"publisher":{"@type":"Organization","name":"avisat.cz","logo":{"@type":"ImageObject","@id":"\/logo.png","url":"\/logo.png","width":600,"height":60}},"image":{"@type":"ImageObject","@id":"https:\/\/www.avisat.cz\/wp-content\/uploads\/v%C3%BDchod%20Slunce.jpg","url":"https:\/\/www.avisat.cz\/wp-content\/uploads\/v%C3%BDchod%20Slunce.jpg","height":0,"width":0},"url":"https:\/\/www.avisat.cz\/svetlo-je-zapotrebi-pro-zivot\/","about":["Zbo\u017e\u00ed"],"wordCount":460,"articleBody":"         Abychom mohli norm\u00e1ln\u011b pracovat a nekazili si o\u010di, tak pot\u0159ebujeme dostatek sv\u011btla. Bohu\u017eel toho p\u0159\u00edrodn\u00edho je n\u011bkdy nedostatek, tak\u017ee nastupuje um\u011bl\u00e9.Sv\u011btlo je zapot\u0159eb\u00ed pro \u017eivotNeobejdeme se bez n\u011bjPro \u017eivot na na\u0161\u00ed planet\u011b je zapot\u0159eb\u00ed hned n\u011bkolik podm\u00ednek, proto\u017ee bez nich by to opravdu ne\u0161lo, kdy jednou z nich je bezesporu dostatek sv\u011btla. Sami si to m\u016f\u017eete vyzkou\u0161et tak, \u017ee vezmete n\u011bjakou rostlinu a zanesete ji nap\u0159\u00edklad do sklepa, kde nen\u00ed v\u016fbec \u017e\u00e1dn\u00e9 sv\u011btlo. Nebude prob\u00edhat fotosynt\u00e9za ani dal\u0161\u00ed pot\u0159ebn\u00e9 procesy pro \u017eivot, tak\u017ee rostlina d\u0159\u00edv nebo pozd\u011bji zahyne. My lid\u00e9 tak\u00e9 samoz\u0159ejm\u011b pot\u0159ebujeme z\u00e1\u0159en\u00ed ze Slun\u00ed\u010dka, p\u0159i\u010dem\u017e st\u0159\u00edd\u00e1 se n\u00e1m den a noc. Den je pro n\u00e1s hlavn\u00ed produktivn\u00ed \u010das u\u017e od prad\u00e1vna, a naopak noc slou\u017e\u00ed k tomu, abychom si po\u0159\u00e1dn\u011b odpo\u010dinuly sp\u00e1nkem. Sna\u017ete se proto tento re\u017eim dr\u017eet a p\u0159es den vych\u00e1zet t\u0159eba na proch\u00e1zky za Slun\u00ed\u010dkem. N\u011bkdy ale pot\u0159ebujeme pracovat a zrovna nem\u00e1me dostatek sv\u011btla, co\u017e mus\u00edme vy\u0159e\u0161it, proto\u017ee jinak na pr\u00e1ci neuvid\u00edme, a nav\u00edc bychom si kazili o\u010di. \u0158e\u0161en\u00edm je um\u011bl\u00e9 osv\u011btlen\u00ed, kdy si mus\u00edme d\u00e1t pozor na jeho druh, barevnost, intenzitu a tak d\u00e1le.LED technologie vedeV\u0161e to zapo\u010dalo vyn\u00e1lezem \u017e\u00e1rovky s wolframov\u00fdm vl\u00e1knem, proto\u017ee to byl naprosto z\u00e1sadn\u00ed pokrok ve vyu\u017eit\u00ed elekt\u0159iny ke sv\u00edcen\u00ed. Je\u0161t\u011b p\u0159ed t\u00edm tu byly petrolejov\u00e9 lampy, kde n\u00e1m hezky ho\u0159el petrolej a vyd\u00e1val sv\u011btlo. N\u00e1stup elekt\u0159iny do dom\u00e1cnost\u00ed n\u00e1s opravdu lidstvo posunulo dop\u0159edu, ale dnes u\u017e to bereme jako samoz\u0159ejmost. Skute\u010dn\u011b n\u00e1m pom\u00e1h\u00e1 ka\u017ed\u00fd den, proto\u017ee v dom\u00e1cnosti d\u00edky n\u00ed funguje nespo\u010det spot\u0159ebi\u010d\u016f.Kdy\u017e se vr\u00e1t\u00edme k samotn\u00e9mu osv\u011btlen\u00ed, tak \u017e\u00e1rovky s wolframov\u00fdm vl\u00e1knem jsou skute\u010dn\u011b na \u00fastupu, proto\u017ee vlivem zah\u0159\u00edv\u00e1n\u00ed vl\u00e1kna vznik\u00e1 velk\u00e9 teplo, kter\u00e9 sni\u017euje zna\u010dn\u011b \u00fa\u010dinnost, co\u017e pozn\u00e1 hlavn\u011b na\u0161e pen\u011b\u017eenka. Nav\u00edc vl\u00e1kno nen\u00ed nijak tlust\u00e9, tak\u017ee \u010dasem praskne. Budoucnost v sou\u010dasn\u00e9 dob\u011b ud\u00e1v\u00e1 LED technologie v\u010detn\u011b plnospektr\u00e1ln\u00edho osv\u011btlen\u00ed. Spole\u010dnost se jeho v\u00fdvoji opravdu piln\u011b v\u011bnuje, a proto n\u00e1m jejich v\u00fdrobky poskytuj\u00ed naprosto skv\u011bl\u00e9 osv\u011btlen\u00ed do interi\u00e9ru, kter\u00e9 je \u0161etrn\u00e9 k na\u0161im o\u010d\u00edm.                                                                                                                                                                                                                                                                                                                                                                                           4\/5 - (9 votes)        "},{"@context":"https:\/\/schema.org\/","@type":"BreadcrumbList","itemListElement":[{"@type":"ListItem","position":1,"name":"Sv\u011btlo je zapot\u0159eb\u00ed pro \u017eivot","item":"https:\/\/www.avisat.cz\/svetlo-je-zapotrebi-pro-zivot\/#breadcrumbitem"}]}]