[{"@context":"https:\/\/schema.org\/","@type":"Article","@id":"https:\/\/www.avisat.cz\/proc-je-umisteni-sidla-firmy-dulezite\/#Article","mainEntityOfPage":"https:\/\/www.avisat.cz\/proc-je-umisteni-sidla-firmy-dulezite\/","headline":"Pro\u010d je um\u00edst\u011bn\u00ed s\u00eddla firmy d\u016fle\u017eit\u00e9","name":"Pro\u010d je um\u00edst\u011bn\u00ed s\u00eddla firmy d\u016fle\u017eit\u00e9","description":"Asi nen\u00ed t\u0159eba \u0159\u00edkat, \u017ee zalo\u017een\u00ed firmy je logisticky i pap\u00edrov\u011b pom\u011brn\u011b n\u00e1ro\u010dn\u00fd proces. Je pot\u0159eba se postarat o mnoho v\u011bc\u00ed, a tak nen\u00ed divu, <a href=\"https:\/\/www.avisat.cz\/proc-je-umisteni-sidla-firmy-dulezite\/\" class=\"read-more\">Continue Reading<i class=\"ion-ios-arrow-right read-more-right\"><\/i><\/a>","datePublished":"2020-09-15","dateModified":"2023-09-01","author":{"@type":"Person","@id":"https:\/\/www.avisat.cz\/author\/#Person","name":"","url":"https:\/\/www.avisat.cz\/author\/","identifier":1,"image":{"@type":"ImageObject","@id":"https:\/\/secure.gravatar.com\/avatar\/25a824e14ead2d36aba24b918221841350fb41cea98048e9b1929df8c4bf4bd8?s=96&d=mm&r=g","url":"https:\/\/secure.gravatar.com\/avatar\/25a824e14ead2d36aba24b918221841350fb41cea98048e9b1929df8c4bf4bd8?s=96&d=mm&r=g","height":96,"width":96}},"publisher":{"@type":"Organization","name":"avisat.cz","logo":{"@type":"ImageObject","@id":"\/logo.png","url":"\/logo.png","width":600,"height":60}},"image":{"@type":"ImageObject","@id":"https:\/\/www.avisat.cz\/wp-content\/uploads\/balkon1_10.jpg","url":"https:\/\/www.avisat.cz\/wp-content\/uploads\/balkon1_10.jpg","height":0,"width":0},"url":"https:\/\/www.avisat.cz\/proc-je-umisteni-sidla-firmy-dulezite\/","about":["Slu\u017eby"],"wordCount":460,"articleBody":"      Asi nen\u00ed t\u0159eba \u0159\u00edkat, \u017ee zalo\u017een\u00ed firmy je logisticky i pap\u00edrov\u011b pom\u011brn\u011b n\u00e1ro\u010dn\u00fd proces. Je pot\u0159eba se postarat o mnoho v\u011bc\u00ed, a tak nen\u00ed divu, \u017ee se n\u011bkter\u00fdm z nich v\u011bnuje m\u00e9n\u011b pozornosti, ne\u017e by si zaslou\u017eily. Jednou z nich je nap\u0159\u00edklad um\u00edst\u011bn\u00ed s\u00eddla firmy. Pro\u010d je tak d\u016fle\u017eit\u00e9? Nejprve je t\u0159eba si \u0159\u00edci, co by m\u011blo spl\u0148ovat.V prvn\u00ed \u0159ad\u011b je to reprezentativn\u00ed funkce. M\u011blo by b\u00fdt profesion\u00e1ln\u011b za\u0159\u00edzeno, aby vytv\u00e1\u0159elo dojem, \u017ee se jedn\u00e1 o solidn\u00ed, v\u00e1\u017eenou firmu. To toti\u017e dob\u0159e zap\u016fsob\u00ed na p\u0159\u00edpadn\u00e9 n\u00e1v\u0161t\u011bvn\u00edky, kte\u0159\u00ed ji pak budou br\u00e1t mnohem v\u00e1\u017en\u011bji.Ze stejn\u00e9ho d\u016fvodu je d\u016fle\u017eit\u00fd i v\u00fdb\u011br lokace. Pokud bude ve star\u00e9m, opr\u00fdskan\u00e9m dom\u011b v nev\u00e1bn\u00e9 \u010dtvrti m\u011bsta, p\u0159\u00edli\u0161 p\u0159\u00edzniv\u00fd prvn\u00ed dojem asi na n\u00e1v\u0161t\u011bvn\u00edky neud\u011bl\u00e1. Nehled\u011b na to, \u017ee v takov\u00e9m p\u0159\u00edpad\u011b z\u0159ejm\u011b nebude zrovna snadno k nalezen\u00ed.Av\u0161ak zat\u00edmco dom\u00e1ck\u00e9 prost\u0159ed\u00ed je v\u00edt\u00e1no, p\u0159\u00edli\u0161n\u00e1 dom\u00e1ckost m\u016f\u017ee u\u0161kodit. Nap\u0159\u00edklad pokud bude s\u00eddlo va\u0161\u00ed firmy u v\u00e1s doma a vy budete n\u00e1v\u0161t\u011bvy p\u0159ij\u00edmat v ob\u00fdvac\u00edm pokoji, pak to tak\u00e9 nebude p\u016fsobit nejl\u00e9pe.A jak bychom tedy m\u011bli um\u00edst\u011bn\u00ed na\u0161eho s\u00eddla vyb\u00edrat? V prvn\u00ed \u0159ad\u011b bychom se m\u011bli zam\u011b\u0159it na lokalitu. Ide\u00e1ln\u00ed samoz\u0159ejm\u011b je, pokud je um\u00edst\u011bna n\u011bkde v centru m\u011bsta. Dod\u00e1v\u00e1 to toti\u017e firm\u011b na v\u00e1\u017enosti. Je ale samoz\u0159ejm\u00e9, \u017ee ceny nemovitost\u00ed i n\u00e1jmy zde budou podstatn\u011b vy\u0161\u0161\u00ed ne\u017e n\u011bkde na okraji.Co se velikosti t\u00fd\u010de, ta by m\u011bla odpov\u00eddat velikosti na\u0161\u00ed firmy. Je v po\u0159\u00e1dku, kdy\u017e veden\u00ed velk\u00e9ho nadn\u00e1rodn\u00edho koncernu bude zab\u00edrat celou budovu. Pokud v\u0161ak m\u00e1te jen rodinnou firmi\u010dku, pak je toto pom\u011brn\u011b zbyte\u010dn\u00e9.Nakonec v\u0161ak z\u00e1le\u017e\u00ed jen na v\u00e1s. M\u011bjte v\u0161ak na pam\u011bti, \u017ee i zde z\u00e1le\u017e\u00ed na prvn\u00edm dojmu, a \u017ee ten m\u016f\u017ee b\u00fdt pro potenci\u00e1ln\u00ed investory \u010di z\u00e1kazn\u00edky rozhoduj\u00edc\u00ed. Rozhodn\u011b se tedy nevyplat\u00ed jej podce\u0148ovat, a v \u017e\u00e1dn\u00e9m p\u0159\u00edpad\u011b se nejedn\u00e1 o n\u011bco, na \u010dem by se m\u011bly \u0161et\u0159it n\u00e1klady. M\u016f\u017ee se toti\u017e dost dob\u0159e st\u00e1t, \u017ee n\u00e1m tak ute\u010dou mnoh\u00e9 p\u0159\u00edle\u017eitosti. A to by byla \u0161koda.                                                                                                                                                                                                                                                                                                                                                                                          5\/5 - (3 votes)        "},{"@context":"https:\/\/schema.org\/","@type":"BreadcrumbList","itemListElement":[{"@type":"ListItem","position":1,"name":"Pro\u010d je um\u00edst\u011bn\u00ed s\u00eddla firmy d\u016fle\u017eit\u00e9","item":"https:\/\/www.avisat.cz\/proc-je-umisteni-sidla-firmy-dulezite\/#breadcrumbitem"}]}]