[{"@context":"https:\/\/schema.org\/","@type":"Article","@id":"https:\/\/www.avisat.cz\/kdyz-se-stydime-jit-na-plaz\/#Article","mainEntityOfPage":"https:\/\/www.avisat.cz\/kdyz-se-stydime-jit-na-plaz\/","headline":"Kdy\u017e se styd\u00edme j\u00edt na pl\u00e1\u017e","name":"Kdy\u017e se styd\u00edme j\u00edt na pl\u00e1\u017e","description":"Nen\u00ed \u017e\u00e1dn\u00fdm tajemstv\u00edm, \u017ee u n\u00e1s panuje kult \u0161t\u00edhl\u00e9 postavy. \u017de jsou kilogramy nav\u00edc nejednou zesm\u011b\u0161\u0148ov\u00e1ny nebo kritizov\u00e1ny, \u017ee se kdekdo z \u0159ad cval\u00edk\u016f st\u00e1v\u00e1 <a href=\"https:\/\/www.avisat.cz\/kdyz-se-stydime-jit-na-plaz\/\" class=\"read-more\">Continue Reading<i class=\"ion-ios-arrow-right read-more-right\"><\/i><\/a>","datePublished":"2019-02-01","dateModified":"2023-05-24","author":{"@type":"Person","@id":"https:\/\/www.avisat.cz\/author\/#Person","name":"","url":"https:\/\/www.avisat.cz\/author\/","identifier":1,"image":{"@type":"ImageObject","@id":"https:\/\/secure.gravatar.com\/avatar\/25a824e14ead2d36aba24b918221841350fb41cea98048e9b1929df8c4bf4bd8?s=96&d=mm&r=g","url":"https:\/\/secure.gravatar.com\/avatar\/25a824e14ead2d36aba24b918221841350fb41cea98048e9b1929df8c4bf4bd8?s=96&d=mm&r=g","height":96,"width":96}},"publisher":{"@type":"Organization","name":"avisat.cz","logo":{"@type":"ImageObject","@id":"\/logo.png","url":"\/logo.png","width":600,"height":60}},"image":{"@type":"ImageObject","@id":"https:\/\/www.avisat.cz\/wp-content\/uploads\/img_a335815_w1704_t1549116169.jpg","url":"https:\/\/www.avisat.cz\/wp-content\/uploads\/img_a335815_w1704_t1549116169.jpg","height":0,"width":0},"url":"https:\/\/www.avisat.cz\/kdyz-se-stydime-jit-na-plaz\/","about":["Mu\u017ei"],"wordCount":549,"articleBody":"Nen\u00ed \u017e\u00e1dn\u00fdm tajemstv\u00edm, \u017ee u n\u00e1s panuje kult \u0161t\u00edhl\u00e9 postavy. \u017de jsou kilogramy nav\u00edc nejednou zesm\u011b\u0161\u0148ov\u00e1ny nebo kritizov\u00e1ny, \u017ee se kdekdo z \u0159ad cval\u00edk\u016f st\u00e1v\u00e1 mo\u017en\u00e1 a\u017e p\u0159\u00edli\u0161 \u010dasto objektem necht\u011bn\u00e9ho z\u00e1jmu okol\u00ed.&#13; A je stejn\u011b tak pravdou i to, \u017ee se u n\u00e1s st\u00e1v\u00e1 obezita st\u00e1le roz\u0161\u00ed\u0159en\u011bj\u0161\u00edm probl\u00e9mem. \u017de se \u010d\u00edm d\u00e1l v\u00edce krm\u00edme kalorickou stravou a naopak \u010d\u00edm d\u00e1l m\u00e9n\u011b h\u00fdbeme a tud\u00ed\u017e \u201ekyneme\u201c. A roste tak po\u010det t\u011bch, kdo se svou figurou nemaj\u00ed \u017e\u00e1dn\u00fd d\u016fvod chlubit, t\u011bch, kdo ji necht\u011bj\u00ed za \u017e\u00e1dn\u00fdch okolnost\u00ed vystavovat ostatn\u00edm na odiv.&#13; Jen\u017ee i takov\u00fd cval\u00edk by se za tepl\u00fdch letn\u00edch dn\u00ed r\u00e1d vykoupal. Jen\u017ee co si m\u00e1 po\u010d\u00edt, kdy\u017e se styd\u00ed pracn\u011b se nasoukat do plavek a vyrazit na pl\u00e1\u017e, kde se mu mo\u017en\u00e1 bude kdekdo posm\u00edvat nebo po n\u011bm vrhat opovrhuj\u00edc\u00ed \u010di soustrastn\u00e9 pohledy?&#13; Takov\u00fd \u010dlov\u011bk se m\u016f\u017ee vydat na pl\u00e1\u017e snad jedin\u011b po setm\u011bn\u00ed, kdy tam u\u017e na nikoho nenaraz\u00ed. Ov\u0161em na nikoho tam nenaraz\u00ed pr\u00e1v\u011b proto, \u017ee jde o dobu, kdy u vody nen\u00ed nejp\u0159\u00edjemn\u011bji. Potm\u011b lze snadno ne\u0161ikovn\u011b do\u0161l\u00e1pnout a podvrtnout si kotn\u00edk, p\u0159\u00edpadn\u011b lze do\u0161l\u00e1pnout na n\u011bjak\u00fd ostr\u00fd odpadek po lidsk\u00fdch \u010du\u0148atech a zranit se, jeden se za tmy neop\u00e1l\u00ed, a kdyby se nedej bo\u017ee za\u010dal topit, mo\u017en\u00e1 se nedovol\u00e1 pomoci.&#13; Anebo si takov\u00fd \u010dlov\u011bk s n\u011bjak\u00fdmi t\u011bmi kily nav\u00edc prost\u011b po\u0159\u00edd\u00ed sv\u016fj vlastn\u00ed zahradn\u00ed baz\u00e9n. Postav\u00ed si ho v t\u00e9 \u010d\u00e1sti zahrady, kde nen\u00ed ostatn\u00edm na o\u010d\u00edch, a pak si i on m\u016f\u017ee u\u017e\u00edvat takov\u00e9ho dokonal\u00e9ho .&#13; A pak se t\u0159eba vedle tohoto usadit n\u011bkde ve st\u00ednu a pohodln\u011b si relaxovat tak, jak je mu to mil\u00e9. Bez pot\u0159eby zaob\u00edrat se my\u0161lenkami na to, \u017ee nem\u00e1 a\u017e tak dokonalou postavu, jakou by cht\u011bl m\u00edt, \u017ee v plavk\u00e1ch nevypad\u00e1 ani trochu jako miss, respektive jako n\u011bjak\u00fd gigolo.&#13; Ov\u0161em v p\u0159\u00edpad\u011b takov\u00e9ho zahradn\u00edho baz\u00e9nu nejde jen o n\u011bjakou z nouze ctnost, jak by se z p\u0159edchoz\u00edch \u0159\u00e1dk\u016f mohlo zd\u00e1t. Stejn\u011b tak to m\u016f\u017ee b\u00fdt naopak i \u0159e\u0161en\u00ed onoho v\u00fd\u0161e nast\u00edn\u011bn\u00e9ho probl\u00e9mu.&#13; Proto\u017ee i takov\u00e9 plav\u00e1n\u00ed v zahradn\u00edm baz\u00e9nu m\u016f\u017ee b\u00fdt sport. Po\u010d\u00e1tek n\u011b\u010deho, co m\u016f\u017ee skon\u010dit dost mo\u017en\u00e1 i n\u00e1dhern\u011b vytvarovanou postavou. D\u00edky n\u00ed\u017e se takov\u00fd \u010dlov\u011bk stane postupn\u011b ze cval\u00edka, jen\u017e se necht\u011bl ukazovat v plavk\u00e1ch na ve\u0159ejnosti, krasavcem \u010di krasavic\u00ed, na n\u011b\u017e kdekdo pohl\u00e9dne se zal\u00edben\u00edm.&#13; Sta\u010d\u00ed tedy jenom po\u0159\u00eddit si zahradn\u00ed baz\u00e9n a to, co je pot\u0159eba, aby v n\u011bm byla voda p\u0159\u00edmo vyb\u00edzej\u00edc\u00ed ke koup\u00e1n\u00ed, tedy filtraci, baz\u00e9nov\u00e9 tablety \u010di vysava\u010d dna, a v\u0161e m\u016f\u017ee b\u00fdt na t\u00e9 nejlep\u0161\u00ed cest\u011b.                                                                                                                                                                                                                                                                                                                                                                                        3.8\/5 - (10 votes)        "},{"@context":"https:\/\/schema.org\/","@type":"BreadcrumbList","itemListElement":[{"@type":"ListItem","position":1,"name":"Kdy\u017e se styd\u00edme j\u00edt na pl\u00e1\u017e","item":"https:\/\/www.avisat.cz\/kdyz-se-stydime-jit-na-plaz\/#breadcrumbitem"}]}]