[{"@context":"https:\/\/schema.org\/","@type":"Article","@id":"https:\/\/www.avisat.cz\/co-by-nas-vsechny-melo-zajimat\/#Article","mainEntityOfPage":"https:\/\/www.avisat.cz\/co-by-nas-vsechny-melo-zajimat\/","headline":"Co by n\u00e1s v\u0161echny m\u011blo zaj\u00edmat","name":"Co by n\u00e1s v\u0161echny m\u011blo zaj\u00edmat","description":"Podle r\u016fzn\u00fdch pr\u016fzkum\u016f je zji\u0161t\u011bno, \u017ee na ka\u017ed\u00e9ho obyvatele v\u00a0\u010cech\u00e1ch a na Morav\u011b, p\u0159ipadne v\u00edc jak 500 kg komun\u00e1ln\u00edho odpadu za rok. To je doslova <a href=\"https:\/\/www.avisat.cz\/co-by-nas-vsechny-melo-zajimat\/\" class=\"read-more\">Continue Reading<i class=\"ion-ios-arrow-right read-more-right\"><\/i><\/a>","datePublished":"2019-05-23","dateModified":"2019-05-23","author":{"@type":"Person","@id":"https:\/\/www.avisat.cz\/author\/#Person","name":"","url":"https:\/\/www.avisat.cz\/author\/","identifier":1,"image":{"@type":"ImageObject","@id":"https:\/\/secure.gravatar.com\/avatar\/25a824e14ead2d36aba24b918221841350fb41cea98048e9b1929df8c4bf4bd8?s=96&d=mm&r=g","url":"https:\/\/secure.gravatar.com\/avatar\/25a824e14ead2d36aba24b918221841350fb41cea98048e9b1929df8c4bf4bd8?s=96&d=mm&r=g","height":96,"width":96}},"publisher":{"@type":"Organization","name":"avisat.cz","logo":{"@type":"ImageObject","@id":"\/logo.png","url":"\/logo.png","width":600,"height":60}},"image":{"@type":"ImageObject","@id":"https:\/\/www.avisat.cz\/wp-content\/uploads\/img_a345216_w2960_t1558875642.jpg","url":"https:\/\/www.avisat.cz\/wp-content\/uploads\/img_a345216_w2960_t1558875642.jpg","height":0,"width":0},"url":"https:\/\/www.avisat.cz\/co-by-nas-vsechny-melo-zajimat\/","wordCount":562,"articleBody":"Podle r\u016fzn\u00fdch pr\u016fzkum\u016f je zji\u0161t\u011bno, \u017ee na ka\u017ed\u00e9ho obyvatele v\u00a0\u010cech\u00e1ch a na Morav\u011b, p\u0159ipadne v\u00edc jak 500 kg komun\u00e1ln\u00edho odpadu za rok. To je doslova hr\u016fza, a to \u017eijeme v\u00a0zemi, kde toho odpadu m\u00e1me na hlavu nejm\u00e9n\u011b. Alespo\u0148 co se t\u00fdk\u00e1 Evropy.\tN\u011bkter\u00e9 dotace z\u00a0EU jsou velmi v\u00edtan\u00e9. Nap\u0159\u00edklad ty, kter\u00e9 se t\u00fdkaj\u00ed zlep\u0161en\u00ed na\u0161eho \u017eivotn\u00edho prost\u0159ed\u00ed. Ty dotace by mohly b\u00fdt i mnohem vy\u0161\u0161\u00ed, ale bu\u010f. Projekty, kter\u00e9 jsou spolufinancovan\u00e9 dotacemi, kter\u00e9 podporuj\u00ed celkov\u011b ochranu p\u0159\u00edrody (kvalita ovzdu\u0161\u00ed, vody, p\u0159\u00edrody, energetick\u00e9 \u00faspory), tak pr\u00e1ce s\u00a0t\u0159\u00edd\u011bn\u00edm a likvidac\u00ed odpad\u016f, je pro lidstvo nesm\u00edrn\u011b d\u016fle\u017eit\u00e9.\t\tTakov\u00e9 jednoduch\u00e9 slovo \u2013 odpad. Um\u00edte si p\u0159edstavit, pokud by v\u0161e, co ka\u017ed\u00fd z\u00a0n\u00e1s vyhod\u00ed, z\u016fstalo u v\u00e1s doma, p\u0159ed domem nebo na zahrad\u011b? Bereme jako naprostou samoz\u0159ejmost, \u017ee to, co vyhod\u00edme, d\u00e1me do popelnic nebo sb\u011brn\u00fdch n\u00e1dob. \tM\u00e1me legislativu, kter\u00e1 u\u017e dost dlouho na\u0159izuje t\u0159\u00edd\u011bn\u00ed odpadu (n\u00e1sleduje dal\u0161\u00ed zpracov\u00e1n\u00ed formou recyklace nebo separace). Snad u\u017e v\u00a0ka\u017ed\u00e9 obci existuje takzvan\u00fd \u201esb\u011brn\u00fd dv\u016fr\u201c, kam ob\u010dan\u00e9 mohou odv\u00e9st v\u0161e, \u010deho se cht\u011bj\u00ed z\u00a0dom\u00e1cnost\u00ed zbavit. Od star\u00fdch elektrospot\u0159ebi\u010d\u016f, matrac\u00ed, star\u00e9ho oble\u010den\u00ed, rozbit\u00e9ho n\u00e1bytku, pap\u00edru, polystyr\u00e9nu, kovov\u00fdch v\u011bc\u00ed a mnoho jin\u00e9ho. To, \u017ee u\u017e to m\u00e1me kam odv\u00e9st, je velk\u00e9 plus.\t\u00d8\u00a0 T\u0159\u00edd\u011bn\u00ed odpadu v\u00a0ka\u017ed\u00e9 dom\u00e1cnost\u00ed je na\u0161\u00ed povinnost\u00ed. Pokud to je\u0161t\u011b n\u011bkdo ned\u011bl\u00e1, tak by s\u00a0t\u00edm m\u011bl zaru\u010den\u011b co nejd\u0159\u00edve za\u010d\u00edt. U\u017e obaly na zbo\u017e\u00ed maj\u00ed symboly a n\u00e1vody, kter\u00e9 ur\u010duj\u00ed, co pat\u0159\u00ed a nepat\u0159\u00ed do oby\u010dejn\u00e9ho ko\u0161e na smet\u00ed, a co pat\u0159\u00ed do ve\u0159ejn\u00e9 sb\u011brn\u00e9 n\u00e1doby. Tyto sb\u011brn\u00e9 n\u00e1doby jsou v\u011bt\u0161inou rozli\u0161en\u00e9 jak barevn\u011b, tak i symboly.\t\u00d8\u00a0 V\u00a0rodin\u00e1ch s d\u011btmi je velmi d\u016fle\u017eit\u00e9 nau\u010dit sv\u00e9 d\u011bti, jak se spr\u00e1vn\u011b odpad t\u0159\u00edd\u00ed. U\u017e od mala. Tak, aby to \u010dasem braly jako samoz\u0159ejmost.\tV\u00edte, \u017ee d\u011btsk\u00e9 jednor\u00e1zov\u00e9 pleny (k tomu pat\u0159\u00ed i samoz\u0159ejm\u011b i d\u00e1msk\u00e9 vlo\u017eky). Jsou vyr\u00e1b\u011bn\u00e9 z\u00a0takov\u00fdch materi\u00e1l\u016f, \u017ee se v\u00a0p\u0159\u00edrod\u011b nedok\u00e1\u017eou rozpustit. Mus\u00ed se spr\u00e1vn\u011b likvidovat v\u00a0pec\u00edch, kter\u00e9 snesou velmi vysok\u00fd \u017e\u00e1r. \tJednor\u00e1zov\u00e9 pleny nemaj\u00ed s\u00a0ekologi\u00ed absolutn\u011b nic. Ty jsou pro na\u0161e \u017eivotn\u00ed prost\u0159ed\u00ed velkou z\u00e1t\u011b\u017e\u00ed. Je to jen velk\u00fd byznys. M\u011bly bychom se poklonit \u017een\u00e1m, kter\u00e9 v\u00a0sou\u010dasn\u00e9 dob\u011b pro sv\u00e9 d\u011bti d\u011blaj\u00ed n\u011bco dobr\u00e9ho \u2013 pou\u017e\u00edvaj\u00ed klasick\u00e9 bavln\u011bn\u00e9 pleny. U\u0161et\u0159\u00ed mnoho pen\u011bz, pro zdrav\u00ed d\u00edt\u011bte jsou velk\u00e9 plus, nav\u00edc pro na\u0161i p\u0159\u00edrodu naprosto jedine\u010dn\u00fd p\u0159\u00ednos.\t\tMlad\u00e9 \u017eeny \u2013 matky maj\u00ed samoz\u0159ejm\u011b s\u00a0d\u011btmi hodn\u011b pr\u00e1ce a starost\u00ed. Tak to bylo odjak\u017eiva. Proto jsou na mate\u0159sk\u00e9 dovolen\u00e9. Ale d\u00edky automatick\u00fdm pra\u010dk\u00e1m maj\u00ed o jednu starost m\u00e9n\u011b. Zde nen\u00ed prostor na v\u00fdmluvy.\t\u00a0                                                                                                                                                                                                                                                                                                                                                                                        3.7\/5 - (3 votes)        "},{"@context":"https:\/\/schema.org\/","@type":"BreadcrumbList","itemListElement":[{"@type":"ListItem","position":1,"name":"Co by n\u00e1s v\u0161echny m\u011blo zaj\u00edmat","item":"https:\/\/www.avisat.cz\/co-by-nas-vsechny-melo-zajimat\/#breadcrumbitem"}]}]